{"id":2392,"date":"2024-02-29T10:10:15","date_gmt":"2024-02-29T09:10:15","guid":{"rendered":"https:\/\/bonomasciudadreal.com\/?p=2392"},"modified":"2025-10-01T15:57:46","modified_gmt":"2025-10-01T13:57:46","slug":"como-solicito-adherirme-a-la-campana","status":"publish","type":"post","link":"https:\/\/bonspollenca.com\/es\/como-solicito-adherirme-a-la-campana\/","title":{"rendered":"Quiero adherirme a la campa\u00f1a, \u00bfqu\u00e9 documentos necesito?"},"content":{"rendered":"<p>Los establecimientos deben adjuntar, dentro del mismo formulario, la siguiente documentaci\u00f3n:<\/p>\n<ul>\n<li><strong>Personas f\u00edsicas<\/strong>: copia del DNI o NIE, por las dos caras. Si es una persona jur\u00eddica: CIF y DNI o NIE de la persona que presenta la solicitud. Ambos supuestos se tienen que poder leer correctamente. (<strong>Formato PDF<\/strong>)<\/li>\n<li><strong>Documento<\/strong> admitido en derecho que acredite la representaci\u00f3n.<\/li>\n<li><strong>Certificado<\/strong> de situaci\u00f3n en el censo de actividades econ\u00f3micas de la Agencia Estatal de la Administraci\u00f3n Tributaria (AEAT) donde se acredite el ep\u00edgrafe del censo tributario o registro del IAE en el cual est\u00e1 inscrita la persona interesada.<\/li>\n<li><strong>Certificado de titularidad bancaria<\/strong> rellenado debidamente en todos los campos, con firma de la persona interesada y firma y sello de la entidad bancaria o certificado de titularidad bancaria en el cual conste que se trata de una cuenta bancaria abierta a nombre de la persona solicitante de la ayuda. Si es una empresa, a nombre de esta empresa y, si es aut\u00f3nomo, a nombre del aut\u00f3nomo.<\/li>\n<li><strong>Certificado de Vida Laboral de la Empresa<\/strong> (VILE) o cualquier otra documento admitido en derecho donde figure el n\u00famero de trabajadores.<\/li>\n<li><strong>Certificado<\/strong> de encontrarse al corriente de las obligaciones con la Seguridad Social y con la Agencia Tributaria<\/li>\n<li><strong>Licencia<\/strong> de actividades\/ apertura o\u00a0t\u00edtulo\u00a0equivalente\u00a0en vigor<\/li>\n<li>Si se persona f\u00edsica, modelo 130 o 131 del 4rto trimestre de 2024. Si se persona jur\u00eddica, modelo 200 del Impuesto sobre sociedades del 2024<\/li>\n<\/ul>\n","protected":false},"excerpt":{"rendered":"<p>Los establecimientos deben adjuntar, dentro del mismo formulario, la siguiente documentaci\u00f3n: Personas f\u00edsicas: copia del DNI o NIE, por las dos caras. Si es una persona jur\u00eddica: CIF y DNI o NIE de la persona que presenta la solicitud. Ambos supuestos se tienen que poder leer correctamente. (Formato PDF) Documento admitido en derecho que acredite [&hellip;]<\/p>\n","protected":false},"author":1,"featured_media":0,"comment_status":"closed","ping_status":"closed","sticky":false,"template":"","format":"standard","meta":{"_monsterinsights_skip_tracking":false,"_monsterinsights_sitenote_active":false,"_monsterinsights_sitenote_note":"","_monsterinsights_sitenote_category":0,"footnotes":""},"categories":[1],"tags":[],"class_list":["post-2392","post","type-post","status-publish","format-standard","hentry","category-sin-categorizar"],"yoast_head":"<!-- This site is optimized with the Yoast SEO plugin v26.4 - https:\/\/yoast.com\/wordpress\/plugins\/seo\/ -->\n<title>Quiero adherirme a la campa\u00f1a, \u00bfqu\u00e9 documentos necesito? - Bons Pollenca<\/title>\n<meta name=\"description\" content=\"Los establecimientos deben formalizar el formulario correspondiente en la p\u00e1gina web de la C\u00e1mara de Comercio de Mallorca\u00a0\" \/>\n<meta name=\"robots\" content=\"index, follow, max-snippet:-1, max-image-preview:large, max-video-preview:-1\" \/>\n<link rel=\"canonical\" href=\"https:\/\/bonspollenca.com\/es\/como-solicito-adherirme-a-la-campana\/\" \/>\n<meta property=\"og:locale\" content=\"es_ES\" \/>\n<meta property=\"og:type\" content=\"article\" \/>\n<meta property=\"og:title\" content=\"Quiero adherirme a la campa\u00f1a, \u00bfqu\u00e9 documentos necesito? - Bons Pollenca\" \/>\n<meta property=\"og:description\" content=\"Los establecimientos deben formalizar el formulario correspondiente en la p\u00e1gina web de la C\u00e1mara de Comercio de Mallorca\u00a0\" \/>\n<meta property=\"og:url\" content=\"https:\/\/bonspollenca.com\/es\/como-solicito-adherirme-a-la-campana\/\" \/>\n<meta property=\"og:site_name\" content=\"Bons Pollenca\" \/>\n<meta property=\"article:published_time\" content=\"2024-02-29T09:10:15+00:00\" \/>\n<meta property=\"article:modified_time\" content=\"2025-10-01T13:57:46+00:00\" \/>\n<meta name=\"author\" content=\"admin\" \/>\n<meta name=\"twitter:card\" content=\"summary_large_image\" \/>\n<meta name=\"twitter:label1\" content=\"Escrito por\" \/>\n\t<meta name=\"twitter:data1\" content=\"admin\" \/>\n\t<meta name=\"twitter:label2\" content=\"Tiempo de lectura\" \/>\n\t<meta name=\"twitter:data2\" content=\"2 minutos\" \/>\n<script type=\"application\/ld+json\" class=\"yoast-schema-graph\">{\"@context\":\"https:\/\/schema.org\",\"@graph\":[{\"@type\":\"Article\",\"@id\":\"https:\/\/bonspollenca.com\/es\/como-solicito-adherirme-a-la-campana\/#article\",\"isPartOf\":{\"@id\":\"https:\/\/bonspollenca.com\/es\/como-solicito-adherirme-a-la-campana\/\"},\"author\":{\"name\":\"admin\",\"@id\":\"https:\/\/bonspollenca.com\/es\/#\/schema\/person\/252bb5e34f05f03705c835f91a8ff4b1\"},\"headline\":\"Quiero adherirme a la campa\u00f1a, \u00bfqu\u00e9 documentos necesito?\",\"datePublished\":\"2024-02-29T09:10:15+00:00\",\"dateModified\":\"2025-10-01T13:57:46+00:00\",\"mainEntityOfPage\":{\"@id\":\"https:\/\/bonspollenca.com\/es\/como-solicito-adherirme-a-la-campana\/\"},\"wordCount\":252,\"publisher\":{\"@id\":\"https:\/\/bonspollenca.com\/es\/#organization\"},\"articleSection\":[\"Sin categorizar\"],\"inLanguage\":\"es\"},{\"@type\":\"WebPage\",\"@id\":\"https:\/\/bonspollenca.com\/es\/como-solicito-adherirme-a-la-campana\/\",\"url\":\"https:\/\/bonspollenca.com\/es\/como-solicito-adherirme-a-la-campana\/\",\"name\":\"Quiero adherirme a la campa\u00f1a, \u00bfqu\u00e9 documentos necesito? - Bons Pollenca\",\"isPartOf\":{\"@id\":\"https:\/\/bonspollenca.com\/es\/#website\"},\"datePublished\":\"2024-02-29T09:10:15+00:00\",\"dateModified\":\"2025-10-01T13:57:46+00:00\",\"description\":\"Los establecimientos deben formalizar el formulario correspondiente en la p\u00e1gina web de la C\u00e1mara de Comercio de Mallorca\u00a0\",\"breadcrumb\":{\"@id\":\"https:\/\/bonspollenca.com\/es\/como-solicito-adherirme-a-la-campana\/#breadcrumb\"},\"inLanguage\":\"es\",\"potentialAction\":[{\"@type\":\"ReadAction\",\"target\":[\"https:\/\/bonspollenca.com\/es\/como-solicito-adherirme-a-la-campana\/\"]}]},{\"@type\":\"BreadcrumbList\",\"@id\":\"https:\/\/bonspollenca.com\/es\/como-solicito-adherirme-a-la-campana\/#breadcrumb\",\"itemListElement\":[{\"@type\":\"ListItem\",\"position\":1,\"name\":\"Portada\",\"item\":\"https:\/\/bonspollenca.com\/es\/\"},{\"@type\":\"ListItem\",\"position\":2,\"name\":\"Quiero adherirme a la campa\u00f1a, \u00bfqu\u00e9 documentos necesito?\"}]},{\"@type\":\"WebSite\",\"@id\":\"https:\/\/bonspollenca.com\/es\/#website\",\"url\":\"https:\/\/bonspollenca.com\/es\/\",\"name\":\"Bons Pollenca\",\"description\":\"Apoya al comercio y restauraci\u00f3n de Pollen\u00e7a\",\"publisher\":{\"@id\":\"https:\/\/bonspollenca.com\/es\/#organization\"},\"potentialAction\":[{\"@type\":\"SearchAction\",\"target\":{\"@type\":\"EntryPoint\",\"urlTemplate\":\"https:\/\/bonspollenca.com\/es\/?s={search_term_string}\"},\"query-input\":{\"@type\":\"PropertyValueSpecification\",\"valueRequired\":true,\"valueName\":\"search_term_string\"}}],\"inLanguage\":\"es\"},{\"@type\":\"Organization\",\"@id\":\"https:\/\/bonspollenca.com\/es\/#organization\",\"name\":\"Bons Pollenca\",\"url\":\"https:\/\/bonspollenca.com\/es\/\",\"logo\":{\"@type\":\"ImageObject\",\"inLanguage\":\"es\",\"@id\":\"https:\/\/bonspollenca.com\/es\/#\/schema\/logo\/image\/\",\"url\":\"https:\/\/bonspollenca.com\/wp-content\/uploads\/2023\/03\/400x175.png\",\"contentUrl\":\"https:\/\/bonspollenca.com\/wp-content\/uploads\/2023\/03\/400x175.png\",\"width\":400,\"height\":175,\"caption\":\"Bons Pollenca\"},\"image\":{\"@id\":\"https:\/\/bonspollenca.com\/es\/#\/schema\/logo\/image\/\"}},{\"@type\":\"Person\",\"@id\":\"https:\/\/bonspollenca.com\/es\/#\/schema\/person\/252bb5e34f05f03705c835f91a8ff4b1\",\"name\":\"admin\",\"url\":\"https:\/\/bonspollenca.com\/es\/author\/admin\/\"}]}<\/script>\n<!-- \/ Yoast SEO plugin. -->","yoast_head_json":{"title":"Quiero adherirme a la campa\u00f1a, \u00bfqu\u00e9 documentos necesito? - Bons Pollenca","description":"Los establecimientos deben formalizar el formulario correspondiente en la p\u00e1gina web de la C\u00e1mara de Comercio de Mallorca\u00a0","robots":{"index":"index","follow":"follow","max-snippet":"max-snippet:-1","max-image-preview":"max-image-preview:large","max-video-preview":"max-video-preview:-1"},"canonical":"https:\/\/bonspollenca.com\/es\/como-solicito-adherirme-a-la-campana\/","og_locale":"es_ES","og_type":"article","og_title":"Quiero adherirme a la campa\u00f1a, \u00bfqu\u00e9 documentos necesito? - Bons Pollenca","og_description":"Los establecimientos deben formalizar el formulario correspondiente en la p\u00e1gina web de la C\u00e1mara de Comercio de Mallorca\u00a0","og_url":"https:\/\/bonspollenca.com\/es\/como-solicito-adherirme-a-la-campana\/","og_site_name":"Bons Pollenca","article_published_time":"2024-02-29T09:10:15+00:00","article_modified_time":"2025-10-01T13:57:46+00:00","author":"admin","twitter_card":"summary_large_image","twitter_misc":{"Escrito por":"admin","Tiempo de lectura":"2 minutos"},"schema":{"@context":"https:\/\/schema.org","@graph":[{"@type":"Article","@id":"https:\/\/bonspollenca.com\/es\/como-solicito-adherirme-a-la-campana\/#article","isPartOf":{"@id":"https:\/\/bonspollenca.com\/es\/como-solicito-adherirme-a-la-campana\/"},"author":{"name":"admin","@id":"https:\/\/bonspollenca.com\/es\/#\/schema\/person\/252bb5e34f05f03705c835f91a8ff4b1"},"headline":"Quiero adherirme a la campa\u00f1a, \u00bfqu\u00e9 documentos necesito?","datePublished":"2024-02-29T09:10:15+00:00","dateModified":"2025-10-01T13:57:46+00:00","mainEntityOfPage":{"@id":"https:\/\/bonspollenca.com\/es\/como-solicito-adherirme-a-la-campana\/"},"wordCount":252,"publisher":{"@id":"https:\/\/bonspollenca.com\/es\/#organization"},"articleSection":["Sin categorizar"],"inLanguage":"es"},{"@type":"WebPage","@id":"https:\/\/bonspollenca.com\/es\/como-solicito-adherirme-a-la-campana\/","url":"https:\/\/bonspollenca.com\/es\/como-solicito-adherirme-a-la-campana\/","name":"Quiero adherirme a la campa\u00f1a, \u00bfqu\u00e9 documentos necesito? - Bons Pollenca","isPartOf":{"@id":"https:\/\/bonspollenca.com\/es\/#website"},"datePublished":"2024-02-29T09:10:15+00:00","dateModified":"2025-10-01T13:57:46+00:00","description":"Los establecimientos deben formalizar el formulario correspondiente en la p\u00e1gina web de la C\u00e1mara de Comercio de Mallorca\u00a0","breadcrumb":{"@id":"https:\/\/bonspollenca.com\/es\/como-solicito-adherirme-a-la-campana\/#breadcrumb"},"inLanguage":"es","potentialAction":[{"@type":"ReadAction","target":["https:\/\/bonspollenca.com\/es\/como-solicito-adherirme-a-la-campana\/"]}]},{"@type":"BreadcrumbList","@id":"https:\/\/bonspollenca.com\/es\/como-solicito-adherirme-a-la-campana\/#breadcrumb","itemListElement":[{"@type":"ListItem","position":1,"name":"Portada","item":"https:\/\/bonspollenca.com\/es\/"},{"@type":"ListItem","position":2,"name":"Quiero adherirme a la campa\u00f1a, \u00bfqu\u00e9 documentos necesito?"}]},{"@type":"WebSite","@id":"https:\/\/bonspollenca.com\/es\/#website","url":"https:\/\/bonspollenca.com\/es\/","name":"Bons Pollenca","description":"Apoya al comercio y restauraci\u00f3n de Pollen\u00e7a","publisher":{"@id":"https:\/\/bonspollenca.com\/es\/#organization"},"potentialAction":[{"@type":"SearchAction","target":{"@type":"EntryPoint","urlTemplate":"https:\/\/bonspollenca.com\/es\/?s={search_term_string}"},"query-input":{"@type":"PropertyValueSpecification","valueRequired":true,"valueName":"search_term_string"}}],"inLanguage":"es"},{"@type":"Organization","@id":"https:\/\/bonspollenca.com\/es\/#organization","name":"Bons Pollenca","url":"https:\/\/bonspollenca.com\/es\/","logo":{"@type":"ImageObject","inLanguage":"es","@id":"https:\/\/bonspollenca.com\/es\/#\/schema\/logo\/image\/","url":"https:\/\/bonspollenca.com\/wp-content\/uploads\/2023\/03\/400x175.png","contentUrl":"https:\/\/bonspollenca.com\/wp-content\/uploads\/2023\/03\/400x175.png","width":400,"height":175,"caption":"Bons Pollenca"},"image":{"@id":"https:\/\/bonspollenca.com\/es\/#\/schema\/logo\/image\/"}},{"@type":"Person","@id":"https:\/\/bonspollenca.com\/es\/#\/schema\/person\/252bb5e34f05f03705c835f91a8ff4b1","name":"admin","url":"https:\/\/bonspollenca.com\/es\/author\/admin\/"}]}},"_links":{"self":[{"href":"https:\/\/bonspollenca.com\/es\/wp-json\/wp\/v2\/posts\/2392","targetHints":{"allow":["GET"]}}],"collection":[{"href":"https:\/\/bonspollenca.com\/es\/wp-json\/wp\/v2\/posts"}],"about":[{"href":"https:\/\/bonspollenca.com\/es\/wp-json\/wp\/v2\/types\/post"}],"author":[{"embeddable":true,"href":"https:\/\/bonspollenca.com\/es\/wp-json\/wp\/v2\/users\/1"}],"replies":[{"embeddable":true,"href":"https:\/\/bonspollenca.com\/es\/wp-json\/wp\/v2\/comments?post=2392"}],"version-history":[{"count":6,"href":"https:\/\/bonspollenca.com\/es\/wp-json\/wp\/v2\/posts\/2392\/revisions"}],"predecessor-version":[{"id":3938,"href":"https:\/\/bonspollenca.com\/es\/wp-json\/wp\/v2\/posts\/2392\/revisions\/3938"}],"wp:attachment":[{"href":"https:\/\/bonspollenca.com\/es\/wp-json\/wp\/v2\/media?parent=2392"}],"wp:term":[{"taxonomy":"category","embeddable":true,"href":"https:\/\/bonspollenca.com\/es\/wp-json\/wp\/v2\/categories?post=2392"},{"taxonomy":"post_tag","embeddable":true,"href":"https:\/\/bonspollenca.com\/es\/wp-json\/wp\/v2\/tags?post=2392"}],"curies":[{"name":"wp","href":"https:\/\/api.w.org\/{rel}","templated":true}]}}